{"id":6704,"date":"2022-02-04T23:34:14","date_gmt":"2022-02-04T23:34:14","guid":{"rendered":"https:\/\/hotel-pag.com\/?p=6704"},"modified":"2022-02-04T23:42:30","modified_gmt":"2022-02-04T23:42:30","slug":"breakfast-and-dinner","status":"publish","type":"post","link":"https:\/\/hotel-pag.com\/de\/breakfast-and-dinner\/","title":{"rendered":"Fr\u00fchst\u00fcck und Abendessen"},"content":{"rendered":"<h2 class=\"wp-block-heading\" id=\"brekafast\">Fr\u00fchst\u00fcck<\/h2>\n\n\n\n<p>Unser kleines Familienhotel bietet unseren G\u00e4sten ein reichhaltiges Fr\u00fchst\u00fccksbuffet, das im \u00dcbernachtungspreis inbegriffen ist, mit einer gro\u00dfen Auswahl an frischen und gesunden Produkten, verschiedenen Desserts, frischem Obst und Gem\u00fcse, frisch gepressten Fr\u00fcchten und S\u00e4ften, Kaffee, Tee, Desserts, K\u00e4se, Joghurt, Omeletts und viele andere leckere Getr\u00e4nke und Morgengerichte.<\/p>\n\n\n\n<p><strong>Das Fr\u00fchst\u00fcck wird von 08:00 bis 10:00 Uhr serviert<\/strong><\/p>\n\n\n\n<figure class=\"wp-block-image size-large is-style-default\"><img fetchpriority=\"high\" decoding=\"async\" width=\"1024\" height=\"768\" src=\"https:\/\/hotel-pag.com\/wp-content\/uploads\/2022\/02\/food-1024x768.jpg\" alt=\"\" class=\"wp-image-6738\" srcset=\"https:\/\/hotel-pag.com\/wp-content\/uploads\/2022\/02\/food-1024x768.jpg 1024w, https:\/\/hotel-pag.com\/wp-content\/uploads\/2022\/02\/food-300x225.jpg 300w, https:\/\/hotel-pag.com\/wp-content\/uploads\/2022\/02\/food-768x576.jpg 768w, https:\/\/hotel-pag.com\/wp-content\/uploads\/2022\/02\/food.jpg 1200w\" sizes=\"(max-width: 1024px) 100vw, 1024px\" \/><\/figure>\n\n\n\n<h2 class=\"wp-block-heading\" id=\"dinner\">Abendessen<\/h2>\n\n\n\n<p class=\"translation-block\">Wir bieten w\u00f6chentliche <a href=\"https:\/\/hotel-pag.com\/de\/menu\/\" target=\"_self\"><strong>Men\u00fcs<\/strong><\/a> mit Fleisch-, Fisch- und vegetarischen Gerichten an. Sie k\u00f6nnen unser vollst\u00e4ndiges Men\u00fc auf unserer Website einsehen, und bei Ihrer Ankunft im Hotel k\u00f6nnen Sie jeden Tag ein anderes Men\u00fc aus den drei Men\u00fcs ausw\u00e4hlen, die wir Ihnen zur Verf\u00fcgung stellen. Das gew\u00fcnschte Abendmen\u00fc k\u00f6nnen Sie schriftlich ausw\u00e4hlen oder uns m\u00fcndlich mitteilen. Das Abendessen beinhaltet keine Getr\u00e4nke, Getr\u00e4nke werden separat berechnet. Ob Sie Halbpension buchen m\u00f6chten, entscheiden Sie selbst, wenn Sie das Zimmer buchen oder uns beim Fr\u00fchst\u00fcck mitteilen, ob Sie am Abend bei uns zu Abend essen.<\/p>\n\n\n\n<p>Wenn Sie Teil einer gr\u00f6\u00dferen Gruppe von Personen sind, die in unserem kleinen Familienhotel \u00fcbernachten, organisieren wir auf Anfrage ein besonderes Abendessen f\u00fcr Sie mit Gerichten wie Kvarner-Garnelen alla Busara, Lamm am Spie\u00df, erstklassigem feinem Fisch, Steaks und vielem mehr.<\/p>\n\n\n\n<p>Wenn Ihnen das Tagesmen\u00fc nicht gef\u00e4llt oder Sie kein Halbpensionspaket gebucht haben, haben wir immer ein zus\u00e4tzliches Angebot an Gerichten, Desserts oder Eis, die Sie gegen Aufpreis \u00e0 la carte bestellen k\u00f6nnen. <\/p>\n\n\n\n<p><strong>Wir servieren kein Mittagessen und die Zeit von 14:00 bis 17:00 Uhr sind f\u00fcr die t\u00e4gliche Ruhezeit des Personals reserviert.<\/strong><\/p>\n\n\n\n<div class=\"wp-block-group alignfull has-text-color has-background is-layout-flow wp-block-group-is-layout-flow\" style=\"background-color:#ffffff;color:#000000\">\n<div class=\"wp-block-buttons is-horizontal is-content-justification-center is-layout-flex wp-container-core-buttons-is-layout-03627597 wp-block-buttons-is-layout-flex\">\n<div class=\"wp-block-button has-custom-width wp-block-button__width-50 has-custom-font-size is-style-fill\" style=\"font-size:14px\"><a class=\"wp-block-button__link has-text-color has-background\" href=\"https:\/\/hotel-pag.com\/de\/menu\/\" style=\"border-radius:50px;background-color:#004377;color:#ffffff\" target=\"_blank\" rel=\"noreferrer noopener\">Abendessen-Men\u00fc f\u00fcr die Saison 2022<\/a><\/div>\n<\/div>\n<\/div>\n\n\n\n<figure class=\"wp-block-gallery has-nested-images columns-default is-cropped wp-block-gallery-1 is-layout-flex wp-block-gallery-is-layout-flex\">\n<figure class=\"wp-block-image size-large is-style-default\"><img decoding=\"async\" width=\"1920\" height=\"1297\" data-id=\"6740\" src=\"https:\/\/hotel-pag.com\/wp-content\/uploads\/2022\/02\/bistro-g6fdaae501_1920.jpg\" alt=\"\" class=\"wp-image-6740\" srcset=\"https:\/\/hotel-pag.com\/wp-content\/uploads\/2022\/02\/bistro-g6fdaae501_1920.jpg 1920w, https:\/\/hotel-pag.com\/wp-content\/uploads\/2022\/02\/bistro-g6fdaae501_1920-300x203.jpg 300w, https:\/\/hotel-pag.com\/wp-content\/uploads\/2022\/02\/bistro-g6fdaae501_1920-1024x692.jpg 1024w, https:\/\/hotel-pag.com\/wp-content\/uploads\/2022\/02\/bistro-g6fdaae501_1920-768x519.jpg 768w, https:\/\/hotel-pag.com\/wp-content\/uploads\/2022\/02\/bistro-g6fdaae501_1920-1536x1038.jpg 1536w\" sizes=\"(max-width: 1920px) 100vw, 1920px\" \/><\/figure>\n\n\n\n<figure class=\"wp-block-image size-large is-style-default\"><img decoding=\"async\" width=\"1920\" height=\"1279\" data-id=\"6741\" src=\"https:\/\/hotel-pag.com\/wp-content\/uploads\/2022\/02\/celebration-g06e4ae671_1920-1.jpg\" alt=\"\" class=\"wp-image-6741\" srcset=\"https:\/\/hotel-pag.com\/wp-content\/uploads\/2022\/02\/celebration-g06e4ae671_1920-1.jpg 1920w, https:\/\/hotel-pag.com\/wp-content\/uploads\/2022\/02\/celebration-g06e4ae671_1920-1-300x200.jpg 300w, https:\/\/hotel-pag.com\/wp-content\/uploads\/2022\/02\/celebration-g06e4ae671_1920-1-1024x682.jpg 1024w, https:\/\/hotel-pag.com\/wp-content\/uploads\/2022\/02\/celebration-g06e4ae671_1920-1-768x512.jpg 768w, https:\/\/hotel-pag.com\/wp-content\/uploads\/2022\/02\/celebration-g06e4ae671_1920-1-1536x1023.jpg 1536w\" sizes=\"(max-width: 1920px) 100vw, 1920px\" \/><\/figure>\n\n\n\n<figure class=\"wp-block-image size-large is-style-default\"><img loading=\"lazy\" decoding=\"async\" width=\"1024\" height=\"768\" data-id=\"6742\" src=\"https:\/\/hotel-pag.com\/wp-content\/uploads\/2022\/02\/hotel-marta-tona1.jpg\" alt=\"\" class=\"wp-image-6742\" srcset=\"https:\/\/hotel-pag.com\/wp-content\/uploads\/2022\/02\/hotel-marta-tona1.jpg 1024w, https:\/\/hotel-pag.com\/wp-content\/uploads\/2022\/02\/hotel-marta-tona1-300x225.jpg 300w, https:\/\/hotel-pag.com\/wp-content\/uploads\/2022\/02\/hotel-marta-tona1-768x576.jpg 768w\" sizes=\"(max-width: 1024px) 100vw, 1024px\" \/><\/figure>\n<\/figure>","protected":false},"excerpt":{"rendered":"<p>Buffet breakfast included in the price of the overnight stay with a wide selection of fresh and healthy products<\/p>","protected":false},"author":1,"featured_media":6739,"comment_status":"closed","ping_status":"closed","sticky":false,"template":"","format":"standard","meta":{"footnotes":""},"categories":[22,39],"tags":[],"class_list":["post-6704","post","type-post","status-publish","format-standard","has-post-thumbnail","hentry","category-explore","category-info"],"blocksy_meta":[],"yoast_head":"<!-- This site is optimized with the Yoast SEO plugin v27.3 - https:\/\/yoast.com\/product\/yoast-seo-wordpress\/ -->\n<title>Breakfast and dinner - Marta &amp; Tona Hotel Pag<\/title>\n<meta name=\"robots\" content=\"index, follow, max-snippet:-1, max-image-preview:large, max-video-preview:-1\" \/>\n<link rel=\"canonical\" href=\"https:\/\/hotel-pag.com\/de\/breakfast-and-dinner\/\" \/>\n<meta property=\"og:locale\" content=\"de_DE\" \/>\n<meta property=\"og:type\" content=\"article\" \/>\n<meta property=\"og:title\" content=\"Breakfast and dinner - Marta &amp; Tona Hotel Pag\" \/>\n<meta property=\"og:description\" content=\"Buffet breakfast included in the price of the overnight stay with a wide selection of fresh and healthy products\" \/>\n<meta property=\"og:url\" content=\"https:\/\/hotel-pag.com\/de\/breakfast-and-dinner\/\" \/>\n<meta property=\"og:site_name\" content=\"Marta &amp; Tona Hotel Pag\" \/>\n<meta property=\"article:published_time\" content=\"2022-02-04T23:34:14+00:00\" \/>\n<meta property=\"article:modified_time\" content=\"2022-02-04T23:42:30+00:00\" \/>\n<meta property=\"og:image\" content=\"https:\/\/hotel-pag.com\/wp-content\/uploads\/2022\/02\/hotel-marta-tona.jpg\" \/>\n\t<meta property=\"og:image:width\" content=\"1024\" \/>\n\t<meta property=\"og:image:height\" content=\"768\" \/>\n\t<meta property=\"og:image:type\" content=\"image\/jpeg\" \/>\n<meta name=\"author\" content=\"Alan\" \/>\n<meta name=\"twitter:card\" content=\"summary_large_image\" \/>\n<meta name=\"twitter:label1\" content=\"Verfasst von\" \/>\n\t<meta name=\"twitter:data1\" content=\"Alan\" \/>\n\t<meta name=\"twitter:label2\" content=\"Gesch\u00e4tzte Lesezeit\" \/>\n\t<meta name=\"twitter:data2\" content=\"2 minutes\" \/>\n<script type=\"application\/ld+json\" class=\"yoast-schema-graph\">{\"@context\":\"https:\\\/\\\/schema.org\",\"@graph\":[{\"@type\":\"Article\",\"@id\":\"https:\\\/\\\/hotel-pag.com\\\/hr\\\/breakfast-and-dinner\\\/#article\",\"isPartOf\":{\"@id\":\"https:\\\/\\\/hotel-pag.com\\\/hr\\\/breakfast-and-dinner\\\/\"},\"author\":{\"name\":\"Alan\",\"@id\":\"https:\\\/\\\/hotel-pag.com\\\/#\\\/schema\\\/person\\\/ac911d803a0dff0ed5a026299ddcedb3\"},\"headline\":\"Breakfast and dinner\",\"datePublished\":\"2022-02-04T23:34:14+00:00\",\"dateModified\":\"2022-02-04T23:42:30+00:00\",\"mainEntityOfPage\":{\"@id\":\"https:\\\/\\\/hotel-pag.com\\\/hr\\\/breakfast-and-dinner\\\/\"},\"wordCount\":264,\"publisher\":{\"@id\":\"https:\\\/\\\/hotel-pag.com\\\/#organization\"},\"image\":{\"@id\":\"https:\\\/\\\/hotel-pag.com\\\/hr\\\/breakfast-and-dinner\\\/#primaryimage\"},\"thumbnailUrl\":\"https:\\\/\\\/hotel-pag.com\\\/wp-content\\\/uploads\\\/2022\\\/02\\\/hotel-marta-tona.jpg\",\"articleSection\":[\"Explore\",\"Info\"],\"inLanguage\":\"de-DE\"},{\"@type\":\"WebPage\",\"@id\":\"https:\\\/\\\/hotel-pag.com\\\/hr\\\/breakfast-and-dinner\\\/\",\"url\":\"https:\\\/\\\/hotel-pag.com\\\/hr\\\/breakfast-and-dinner\\\/\",\"name\":\"Breakfast and dinner - Marta &amp; Tona Hotel Pag\",\"isPartOf\":{\"@id\":\"https:\\\/\\\/hotel-pag.com\\\/#website\"},\"primaryImageOfPage\":{\"@id\":\"https:\\\/\\\/hotel-pag.com\\\/hr\\\/breakfast-and-dinner\\\/#primaryimage\"},\"image\":{\"@id\":\"https:\\\/\\\/hotel-pag.com\\\/hr\\\/breakfast-and-dinner\\\/#primaryimage\"},\"thumbnailUrl\":\"https:\\\/\\\/hotel-pag.com\\\/wp-content\\\/uploads\\\/2022\\\/02\\\/hotel-marta-tona.jpg\",\"datePublished\":\"2022-02-04T23:34:14+00:00\",\"dateModified\":\"2022-02-04T23:42:30+00:00\",\"breadcrumb\":{\"@id\":\"https:\\\/\\\/hotel-pag.com\\\/hr\\\/breakfast-and-dinner\\\/#breadcrumb\"},\"inLanguage\":\"de-DE\",\"potentialAction\":[{\"@type\":\"ReadAction\",\"target\":[\"https:\\\/\\\/hotel-pag.com\\\/hr\\\/breakfast-and-dinner\\\/\"]}]},{\"@type\":\"ImageObject\",\"inLanguage\":\"de-DE\",\"@id\":\"https:\\\/\\\/hotel-pag.com\\\/hr\\\/breakfast-and-dinner\\\/#primaryimage\",\"url\":\"https:\\\/\\\/hotel-pag.com\\\/wp-content\\\/uploads\\\/2022\\\/02\\\/hotel-marta-tona.jpg\",\"contentUrl\":\"https:\\\/\\\/hotel-pag.com\\\/wp-content\\\/uploads\\\/2022\\\/02\\\/hotel-marta-tona.jpg\",\"width\":1024,\"height\":768},{\"@type\":\"BreadcrumbList\",\"@id\":\"https:\\\/\\\/hotel-pag.com\\\/hr\\\/breakfast-and-dinner\\\/#breadcrumb\",\"itemListElement\":[{\"@type\":\"ListItem\",\"position\":1,\"name\":\"Home\",\"item\":\"https:\\\/\\\/hotel-pag.com\\\/\"},{\"@type\":\"ListItem\",\"position\":2,\"name\":\"Breakfast and dinner\"}]},{\"@type\":\"WebSite\",\"@id\":\"https:\\\/\\\/hotel-pag.com\\\/#website\",\"url\":\"https:\\\/\\\/hotel-pag.com\\\/\",\"name\":\"Marta &amp; Tona Hotel Pag\",\"description\":\"The best hotel in Novalja\",\"publisher\":{\"@id\":\"https:\\\/\\\/hotel-pag.com\\\/#organization\"},\"potentialAction\":[{\"@type\":\"SearchAction\",\"target\":{\"@type\":\"EntryPoint\",\"urlTemplate\":\"https:\\\/\\\/hotel-pag.com\\\/?s={search_term_string}\"},\"query-input\":{\"@type\":\"PropertyValueSpecification\",\"valueRequired\":true,\"valueName\":\"search_term_string\"}}],\"inLanguage\":\"de-DE\"},{\"@type\":\"Organization\",\"@id\":\"https:\\\/\\\/hotel-pag.com\\\/#organization\",\"name\":\"Hotel Marta&Tona\",\"url\":\"https:\\\/\\\/hotel-pag.com\\\/\",\"logo\":{\"@type\":\"ImageObject\",\"inLanguage\":\"de-DE\",\"@id\":\"https:\\\/\\\/hotel-pag.com\\\/#\\\/schema\\\/logo\\\/image\\\/\",\"url\":\"https:\\\/\\\/hotel-pag.com\\\/wp-content\\\/uploads\\\/2022\\\/01\\\/mtlogo.png\",\"contentUrl\":\"https:\\\/\\\/hotel-pag.com\\\/wp-content\\\/uploads\\\/2022\\\/01\\\/mtlogo.png\",\"width\":400,\"height\":115,\"caption\":\"Hotel Marta&Tona\"},\"image\":{\"@id\":\"https:\\\/\\\/hotel-pag.com\\\/#\\\/schema\\\/logo\\\/image\\\/\"}},{\"@type\":\"Person\",\"@id\":\"https:\\\/\\\/hotel-pag.com\\\/#\\\/schema\\\/person\\\/ac911d803a0dff0ed5a026299ddcedb3\",\"name\":\"Alan\",\"image\":{\"@type\":\"ImageObject\",\"inLanguage\":\"de-DE\",\"@id\":\"https:\\\/\\\/secure.gravatar.com\\\/avatar\\\/7124c5548aae14cedbda1fdd026095edc22f0b61e6a144a18bf8e8784fc43bcd?s=96&d=mm&r=g\",\"url\":\"https:\\\/\\\/secure.gravatar.com\\\/avatar\\\/7124c5548aae14cedbda1fdd026095edc22f0b61e6a144a18bf8e8784fc43bcd?s=96&d=mm&r=g\",\"contentUrl\":\"https:\\\/\\\/secure.gravatar.com\\\/avatar\\\/7124c5548aae14cedbda1fdd026095edc22f0b61e6a144a18bf8e8784fc43bcd?s=96&d=mm&r=g\",\"caption\":\"Alan\"},\"sameAs\":[\"https:\\\/\\\/bookingmetrics.com\\\/demo\"],\"url\":\"https:\\\/\\\/hotel-pag.com\\\/de\\\/author\\\/alan\\\/\"}]}<\/script>\n<!-- \/ Yoast SEO plugin. -->","yoast_head_json":{"title":"Breakfast and dinner - Marta &amp; Tona Hotel Pag","robots":{"index":"index","follow":"follow","max-snippet":"max-snippet:-1","max-image-preview":"max-image-preview:large","max-video-preview":"max-video-preview:-1"},"canonical":"https:\/\/hotel-pag.com\/de\/breakfast-and-dinner\/","og_locale":"de_DE","og_type":"article","og_title":"Breakfast and dinner - Marta &amp; Tona Hotel Pag","og_description":"Buffet breakfast included in the price of the overnight stay with a wide selection of fresh and healthy products","og_url":"https:\/\/hotel-pag.com\/de\/breakfast-and-dinner\/","og_site_name":"Marta &amp; Tona Hotel Pag","article_published_time":"2022-02-04T23:34:14+00:00","article_modified_time":"2022-02-04T23:42:30+00:00","og_image":[{"width":1024,"height":768,"url":"https:\/\/hotel-pag.com\/wp-content\/uploads\/2022\/02\/hotel-marta-tona.jpg","type":"image\/jpeg"}],"author":"Alan","twitter_card":"summary_large_image","twitter_misc":{"Verfasst von":"Alan","Gesch\u00e4tzte Lesezeit":"2 minutes"},"schema":{"@context":"https:\/\/schema.org","@graph":[{"@type":"Article","@id":"https:\/\/hotel-pag.com\/hr\/breakfast-and-dinner\/#article","isPartOf":{"@id":"https:\/\/hotel-pag.com\/hr\/breakfast-and-dinner\/"},"author":{"name":"Alan","@id":"https:\/\/hotel-pag.com\/#\/schema\/person\/ac911d803a0dff0ed5a026299ddcedb3"},"headline":"Breakfast and dinner","datePublished":"2022-02-04T23:34:14+00:00","dateModified":"2022-02-04T23:42:30+00:00","mainEntityOfPage":{"@id":"https:\/\/hotel-pag.com\/hr\/breakfast-and-dinner\/"},"wordCount":264,"publisher":{"@id":"https:\/\/hotel-pag.com\/#organization"},"image":{"@id":"https:\/\/hotel-pag.com\/hr\/breakfast-and-dinner\/#primaryimage"},"thumbnailUrl":"https:\/\/hotel-pag.com\/wp-content\/uploads\/2022\/02\/hotel-marta-tona.jpg","articleSection":["Explore","Info"],"inLanguage":"de-DE"},{"@type":"WebPage","@id":"https:\/\/hotel-pag.com\/hr\/breakfast-and-dinner\/","url":"https:\/\/hotel-pag.com\/hr\/breakfast-and-dinner\/","name":"Breakfast and dinner - Marta &amp; Tona Hotel Pag","isPartOf":{"@id":"https:\/\/hotel-pag.com\/#website"},"primaryImageOfPage":{"@id":"https:\/\/hotel-pag.com\/hr\/breakfast-and-dinner\/#primaryimage"},"image":{"@id":"https:\/\/hotel-pag.com\/hr\/breakfast-and-dinner\/#primaryimage"},"thumbnailUrl":"https:\/\/hotel-pag.com\/wp-content\/uploads\/2022\/02\/hotel-marta-tona.jpg","datePublished":"2022-02-04T23:34:14+00:00","dateModified":"2022-02-04T23:42:30+00:00","breadcrumb":{"@id":"https:\/\/hotel-pag.com\/hr\/breakfast-and-dinner\/#breadcrumb"},"inLanguage":"de-DE","potentialAction":[{"@type":"ReadAction","target":["https:\/\/hotel-pag.com\/hr\/breakfast-and-dinner\/"]}]},{"@type":"ImageObject","inLanguage":"de-DE","@id":"https:\/\/hotel-pag.com\/hr\/breakfast-and-dinner\/#primaryimage","url":"https:\/\/hotel-pag.com\/wp-content\/uploads\/2022\/02\/hotel-marta-tona.jpg","contentUrl":"https:\/\/hotel-pag.com\/wp-content\/uploads\/2022\/02\/hotel-marta-tona.jpg","width":1024,"height":768},{"@type":"BreadcrumbList","@id":"https:\/\/hotel-pag.com\/hr\/breakfast-and-dinner\/#breadcrumb","itemListElement":[{"@type":"ListItem","position":1,"name":"Home","item":"https:\/\/hotel-pag.com\/"},{"@type":"ListItem","position":2,"name":"Breakfast and dinner"}]},{"@type":"WebSite","@id":"https:\/\/hotel-pag.com\/#website","url":"https:\/\/hotel-pag.com\/","name":"Marta &amp; Tona Hotel Pag","description":"Das beste hotel in Novalja","publisher":{"@id":"https:\/\/hotel-pag.com\/#organization"},"potentialAction":[{"@type":"SearchAction","target":{"@type":"EntryPoint","urlTemplate":"https:\/\/hotel-pag.com\/?s={search_term_string}"},"query-input":{"@type":"PropertyValueSpecification","valueRequired":true,"valueName":"search_term_string"}}],"inLanguage":"de-DE"},{"@type":"Organization","@id":"https:\/\/hotel-pag.com\/#organization","name":"Hotel Marta&amp;Tona","url":"https:\/\/hotel-pag.com\/","logo":{"@type":"ImageObject","inLanguage":"de-DE","@id":"https:\/\/hotel-pag.com\/#\/schema\/logo\/image\/","url":"https:\/\/hotel-pag.com\/wp-content\/uploads\/2022\/01\/mtlogo.png","contentUrl":"https:\/\/hotel-pag.com\/wp-content\/uploads\/2022\/01\/mtlogo.png","width":400,"height":115,"caption":"Hotel Marta&Tona"},"image":{"@id":"https:\/\/hotel-pag.com\/#\/schema\/logo\/image\/"}},{"@type":"Person","@id":"https:\/\/hotel-pag.com\/#\/schema\/person\/ac911d803a0dff0ed5a026299ddcedb3","name":"Alan","image":{"@type":"ImageObject","inLanguage":"de-DE","@id":"https:\/\/secure.gravatar.com\/avatar\/7124c5548aae14cedbda1fdd026095edc22f0b61e6a144a18bf8e8784fc43bcd?s=96&d=mm&r=g","url":"https:\/\/secure.gravatar.com\/avatar\/7124c5548aae14cedbda1fdd026095edc22f0b61e6a144a18bf8e8784fc43bcd?s=96&d=mm&r=g","contentUrl":"https:\/\/secure.gravatar.com\/avatar\/7124c5548aae14cedbda1fdd026095edc22f0b61e6a144a18bf8e8784fc43bcd?s=96&d=mm&r=g","caption":"Alan"},"sameAs":["https:\/\/bookingmetrics.com\/demo"],"url":"https:\/\/hotel-pag.com\/de\/author\/alan\/"}]}},"_links":{"self":[{"href":"https:\/\/hotel-pag.com\/de\/wp-json\/wp\/v2\/posts\/6704","targetHints":{"allow":["GET"]}}],"collection":[{"href":"https:\/\/hotel-pag.com\/de\/wp-json\/wp\/v2\/posts"}],"about":[{"href":"https:\/\/hotel-pag.com\/de\/wp-json\/wp\/v2\/types\/post"}],"author":[{"embeddable":true,"href":"https:\/\/hotel-pag.com\/de\/wp-json\/wp\/v2\/users\/1"}],"replies":[{"embeddable":true,"href":"https:\/\/hotel-pag.com\/de\/wp-json\/wp\/v2\/comments?post=6704"}],"version-history":[{"count":0,"href":"https:\/\/hotel-pag.com\/de\/wp-json\/wp\/v2\/posts\/6704\/revisions"}],"wp:featuredmedia":[{"embeddable":true,"href":"https:\/\/hotel-pag.com\/de\/wp-json\/wp\/v2\/media\/6739"}],"wp:attachment":[{"href":"https:\/\/hotel-pag.com\/de\/wp-json\/wp\/v2\/media?parent=6704"}],"wp:term":[{"taxonomy":"category","embeddable":true,"href":"https:\/\/hotel-pag.com\/de\/wp-json\/wp\/v2\/categories?post=6704"},{"taxonomy":"post_tag","embeddable":true,"href":"https:\/\/hotel-pag.com\/de\/wp-json\/wp\/v2\/tags?post=6704"}],"curies":[{"name":"wp","href":"https:\/\/api.w.org\/{rel}","templated":true}]}}