{"id":6704,"date":"2022-02-04T23:34:14","date_gmt":"2022-02-04T23:34:14","guid":{"rendered":"https:\/\/hotel-pag.com\/?p=6704"},"modified":"2022-02-04T23:42:30","modified_gmt":"2022-02-04T23:42:30","slug":"breakfast-and-dinner","status":"publish","type":"post","link":"https:\/\/hotel-pag.com\/hr\/breakfast-and-dinner\/","title":{"rendered":"Doru\u010dak i ve\u010dera"},"content":{"rendered":"<h2 class=\"wp-block-heading\" id=\"brekafast\">Doru\u010dak<\/h2>\n\n\n\n<p>Na\u0161 mali obiteljski hotel nudi bogat buffet doru\u010dak uklju\u010den u cijenu no\u0107enja na kojemu se svaki dan nalaze svje\u017ee i zdrave namirnice, razne slastice, svje\u017ee vo\u0107e i povr\u0107e , cije\u0111eni sokovi ,kava , \u010dajevi peciva, sirevi , jogurti, omleti i jo\u0161 puno ukusnih jutarnjih jela.<\/p>\n\n\n\n<p><strong>Doru\u010dak se poslu\u017euje od 08:00 do 10:00 sati.<\/strong><\/p>\n\n\n\n<figure class=\"wp-block-image size-large is-style-default\"><img fetchpriority=\"high\" decoding=\"async\" width=\"1024\" height=\"768\" src=\"https:\/\/hotel-pag.com\/wp-content\/uploads\/2022\/02\/food-1024x768.jpg\" alt=\"\" class=\"wp-image-6738\" srcset=\"https:\/\/hotel-pag.com\/wp-content\/uploads\/2022\/02\/food-1024x768.jpg 1024w, https:\/\/hotel-pag.com\/wp-content\/uploads\/2022\/02\/food-300x225.jpg 300w, https:\/\/hotel-pag.com\/wp-content\/uploads\/2022\/02\/food-768x576.jpg 768w, https:\/\/hotel-pag.com\/wp-content\/uploads\/2022\/02\/food.jpg 1200w\" sizes=\"(max-width: 1024px) 100vw, 1024px\" \/><\/figure>\n\n\n\n<h2 class=\"wp-block-heading\" id=\"dinner\">Ve\u010dera<\/h2>\n\n\n\n<p class=\"translation-block\">Tjedni meniji za ve\u010deru u na\u0161em objektu se baziraju na ponudi mesnih, ribljih i vegetarijanskih jela. Na na\u0161em jelovniku kojeg mo\u017eete u cijelosti pro\u010ditati na stranici, te pri dolasku u objekt  dobijete isti  tako da  mo\u017eete izabrati po danu koji od menija vam se svi\u0111a za ve\u010deru te zaokru\u017eiti  ili usmeno nam re\u0107i \u0161to da vam se tog dana  poslu\u017ei za ve\u010deru. Ve\u010dera ne uklju\u010duje ponudu pi\u0107a , pi\u0107e se napla\u0107uje posebno. Na vama je da se odlu\u010dite da li \u0107ete uzeti formu polupansiona pri bukiranju va\u0161e sobe za odmor ili \u010dete sami odrediti kada \u017eelite ve\u010derati kod nas te nas obavjestiti o tome na doru\u010dku.<\/p>\n\n\n\n<p>Ako vam ne odgovara meni dana koje nudimo ili nemate uklju\u010den polupansion imamo uvijek extra jela , slastice ili sladoled kojeg mo\u017eete naru\u010diti ala carte te se to isto pla\u010da extra .<\/p>\n\n\n\n<p>Ru\u010dak ne poslu\u017eujemo te od 14-17h je dnevni odmor. <\/p>\n\n\n\n<p><strong>Ve\u010dera se poslu\u017euje od 18:30 do 21:00.<\/strong><\/p>\n\n\n\n<div class=\"wp-block-group alignfull has-text-color has-background is-layout-flow wp-block-group-is-layout-flow\" style=\"background-color:#ffffff;color:#000000\">\n<div class=\"wp-block-buttons is-horizontal is-content-justification-center is-layout-flex wp-container-core-buttons-is-layout-03627597 wp-block-buttons-is-layout-flex\">\n<div class=\"wp-block-button has-custom-width wp-block-button__width-50 has-custom-font-size is-style-fill\" style=\"font-size:14px\"><a class=\"wp-block-button__link has-text-color has-background\" href=\"https:\/\/hotel-pag.com\/hr\/menu\/\" style=\"border-radius:50px;background-color:#004377;color:#ffffff\" target=\"_blank\" rel=\"noreferrer noopener\">Meni za ve\u010deru - sezona 2022<\/a><\/div>\n<\/div>\n<\/div>\n\n\n\n<figure class=\"wp-block-gallery has-nested-images columns-default is-cropped wp-block-gallery-1 is-layout-flex wp-block-gallery-is-layout-flex\">\n<figure class=\"wp-block-image size-large is-style-default\"><img decoding=\"async\" width=\"1920\" height=\"1297\" data-id=\"6740\" src=\"https:\/\/hotel-pag.com\/wp-content\/uploads\/2022\/02\/bistro-g6fdaae501_1920.jpg\" alt=\"\" class=\"wp-image-6740\" srcset=\"https:\/\/hotel-pag.com\/wp-content\/uploads\/2022\/02\/bistro-g6fdaae501_1920.jpg 1920w, https:\/\/hotel-pag.com\/wp-content\/uploads\/2022\/02\/bistro-g6fdaae501_1920-300x203.jpg 300w, https:\/\/hotel-pag.com\/wp-content\/uploads\/2022\/02\/bistro-g6fdaae501_1920-1024x692.jpg 1024w, https:\/\/hotel-pag.com\/wp-content\/uploads\/2022\/02\/bistro-g6fdaae501_1920-768x519.jpg 768w, https:\/\/hotel-pag.com\/wp-content\/uploads\/2022\/02\/bistro-g6fdaae501_1920-1536x1038.jpg 1536w\" sizes=\"(max-width: 1920px) 100vw, 1920px\" \/><\/figure>\n\n\n\n<figure class=\"wp-block-image size-large is-style-default\"><img decoding=\"async\" width=\"1920\" height=\"1279\" data-id=\"6741\" src=\"https:\/\/hotel-pag.com\/wp-content\/uploads\/2022\/02\/celebration-g06e4ae671_1920-1.jpg\" alt=\"\" class=\"wp-image-6741\" srcset=\"https:\/\/hotel-pag.com\/wp-content\/uploads\/2022\/02\/celebration-g06e4ae671_1920-1.jpg 1920w, https:\/\/hotel-pag.com\/wp-content\/uploads\/2022\/02\/celebration-g06e4ae671_1920-1-300x200.jpg 300w, https:\/\/hotel-pag.com\/wp-content\/uploads\/2022\/02\/celebration-g06e4ae671_1920-1-1024x682.jpg 1024w, https:\/\/hotel-pag.com\/wp-content\/uploads\/2022\/02\/celebration-g06e4ae671_1920-1-768x512.jpg 768w, https:\/\/hotel-pag.com\/wp-content\/uploads\/2022\/02\/celebration-g06e4ae671_1920-1-1536x1023.jpg 1536w\" sizes=\"(max-width: 1920px) 100vw, 1920px\" \/><\/figure>\n\n\n\n<figure class=\"wp-block-image size-large is-style-default\"><img loading=\"lazy\" decoding=\"async\" width=\"1024\" height=\"768\" data-id=\"6742\" src=\"https:\/\/hotel-pag.com\/wp-content\/uploads\/2022\/02\/hotel-marta-tona1.jpg\" alt=\"\" class=\"wp-image-6742\" srcset=\"https:\/\/hotel-pag.com\/wp-content\/uploads\/2022\/02\/hotel-marta-tona1.jpg 1024w, https:\/\/hotel-pag.com\/wp-content\/uploads\/2022\/02\/hotel-marta-tona1-300x225.jpg 300w, https:\/\/hotel-pag.com\/wp-content\/uploads\/2022\/02\/hotel-marta-tona1-768x576.jpg 768w\" sizes=\"(max-width: 1024px) 100vw, 1024px\" \/><\/figure>\n<\/figure>","protected":false},"excerpt":{"rendered":"<p>Buffet breakfast included in the price of the overnight stay with a wide selection of fresh and healthy products<\/p>","protected":false},"author":1,"featured_media":6739,"comment_status":"closed","ping_status":"closed","sticky":false,"template":"","format":"standard","meta":{"footnotes":""},"categories":[22,39],"tags":[],"class_list":["post-6704","post","type-post","status-publish","format-standard","has-post-thumbnail","hentry","category-explore","category-info"],"blocksy_meta":[],"yoast_head":"<!-- This site is optimized with the Yoast SEO plugin v27.3 - https:\/\/yoast.com\/product\/yoast-seo-wordpress\/ -->\n<title>Breakfast and dinner - Marta &amp; Tona Hotel Pag<\/title>\n<meta name=\"robots\" content=\"index, follow, max-snippet:-1, max-image-preview:large, max-video-preview:-1\" \/>\n<link rel=\"canonical\" href=\"https:\/\/hotel-pag.com\/hr\/breakfast-and-dinner\/\" \/>\n<meta property=\"og:locale\" content=\"hr_HR\" \/>\n<meta property=\"og:type\" content=\"article\" \/>\n<meta property=\"og:title\" content=\"Breakfast and dinner - Marta &amp; Tona Hotel Pag\" \/>\n<meta property=\"og:description\" content=\"Buffet breakfast included in the price of the overnight stay with a wide selection of fresh and healthy products\" \/>\n<meta property=\"og:url\" content=\"https:\/\/hotel-pag.com\/hr\/breakfast-and-dinner\/\" \/>\n<meta property=\"og:site_name\" content=\"Marta &amp; Tona Hotel Pag\" \/>\n<meta property=\"article:published_time\" content=\"2022-02-04T23:34:14+00:00\" \/>\n<meta property=\"article:modified_time\" content=\"2022-02-04T23:42:30+00:00\" \/>\n<meta property=\"og:image\" content=\"https:\/\/hotel-pag.com\/wp-content\/uploads\/2022\/02\/hotel-marta-tona.jpg\" \/>\n\t<meta property=\"og:image:width\" content=\"1024\" \/>\n\t<meta property=\"og:image:height\" content=\"768\" \/>\n\t<meta property=\"og:image:type\" content=\"image\/jpeg\" \/>\n<meta name=\"author\" content=\"Alan\" \/>\n<meta name=\"twitter:card\" content=\"summary_large_image\" \/>\n<meta name=\"twitter:label1\" content=\"Napisao\/la\" \/>\n\t<meta name=\"twitter:data1\" content=\"Alan\" \/>\n\t<meta name=\"twitter:label2\" content=\"Procijenjeno vrijeme \u010ditanja\" \/>\n\t<meta name=\"twitter:data2\" content=\"2 minute\" \/>\n<script type=\"application\/ld+json\" class=\"yoast-schema-graph\">{\"@context\":\"https:\\\/\\\/schema.org\",\"@graph\":[{\"@type\":\"Article\",\"@id\":\"https:\\\/\\\/hotel-pag.com\\\/hr\\\/breakfast-and-dinner\\\/#article\",\"isPartOf\":{\"@id\":\"https:\\\/\\\/hotel-pag.com\\\/hr\\\/breakfast-and-dinner\\\/\"},\"author\":{\"name\":\"Alan\",\"@id\":\"https:\\\/\\\/hotel-pag.com\\\/#\\\/schema\\\/person\\\/ac911d803a0dff0ed5a026299ddcedb3\"},\"headline\":\"Breakfast and dinner\",\"datePublished\":\"2022-02-04T23:34:14+00:00\",\"dateModified\":\"2022-02-04T23:42:30+00:00\",\"mainEntityOfPage\":{\"@id\":\"https:\\\/\\\/hotel-pag.com\\\/hr\\\/breakfast-and-dinner\\\/\"},\"wordCount\":264,\"publisher\":{\"@id\":\"https:\\\/\\\/hotel-pag.com\\\/#organization\"},\"image\":{\"@id\":\"https:\\\/\\\/hotel-pag.com\\\/hr\\\/breakfast-and-dinner\\\/#primaryimage\"},\"thumbnailUrl\":\"https:\\\/\\\/hotel-pag.com\\\/wp-content\\\/uploads\\\/2022\\\/02\\\/hotel-marta-tona.jpg\",\"articleSection\":[\"Explore\",\"Info\"],\"inLanguage\":\"hr\"},{\"@type\":\"WebPage\",\"@id\":\"https:\\\/\\\/hotel-pag.com\\\/hr\\\/breakfast-and-dinner\\\/\",\"url\":\"https:\\\/\\\/hotel-pag.com\\\/hr\\\/breakfast-and-dinner\\\/\",\"name\":\"Breakfast and dinner - Marta &amp; Tona Hotel Pag\",\"isPartOf\":{\"@id\":\"https:\\\/\\\/hotel-pag.com\\\/#website\"},\"primaryImageOfPage\":{\"@id\":\"https:\\\/\\\/hotel-pag.com\\\/hr\\\/breakfast-and-dinner\\\/#primaryimage\"},\"image\":{\"@id\":\"https:\\\/\\\/hotel-pag.com\\\/hr\\\/breakfast-and-dinner\\\/#primaryimage\"},\"thumbnailUrl\":\"https:\\\/\\\/hotel-pag.com\\\/wp-content\\\/uploads\\\/2022\\\/02\\\/hotel-marta-tona.jpg\",\"datePublished\":\"2022-02-04T23:34:14+00:00\",\"dateModified\":\"2022-02-04T23:42:30+00:00\",\"breadcrumb\":{\"@id\":\"https:\\\/\\\/hotel-pag.com\\\/hr\\\/breakfast-and-dinner\\\/#breadcrumb\"},\"inLanguage\":\"hr\",\"potentialAction\":[{\"@type\":\"ReadAction\",\"target\":[\"https:\\\/\\\/hotel-pag.com\\\/hr\\\/breakfast-and-dinner\\\/\"]}]},{\"@type\":\"ImageObject\",\"inLanguage\":\"hr\",\"@id\":\"https:\\\/\\\/hotel-pag.com\\\/hr\\\/breakfast-and-dinner\\\/#primaryimage\",\"url\":\"https:\\\/\\\/hotel-pag.com\\\/wp-content\\\/uploads\\\/2022\\\/02\\\/hotel-marta-tona.jpg\",\"contentUrl\":\"https:\\\/\\\/hotel-pag.com\\\/wp-content\\\/uploads\\\/2022\\\/02\\\/hotel-marta-tona.jpg\",\"width\":1024,\"height\":768},{\"@type\":\"BreadcrumbList\",\"@id\":\"https:\\\/\\\/hotel-pag.com\\\/hr\\\/breakfast-and-dinner\\\/#breadcrumb\",\"itemListElement\":[{\"@type\":\"ListItem\",\"position\":1,\"name\":\"Home\",\"item\":\"https:\\\/\\\/hotel-pag.com\\\/\"},{\"@type\":\"ListItem\",\"position\":2,\"name\":\"Breakfast and dinner\"}]},{\"@type\":\"WebSite\",\"@id\":\"https:\\\/\\\/hotel-pag.com\\\/#website\",\"url\":\"https:\\\/\\\/hotel-pag.com\\\/\",\"name\":\"Marta &amp; Tona Hotel Pag\",\"description\":\"The best hotel in Novalja\",\"publisher\":{\"@id\":\"https:\\\/\\\/hotel-pag.com\\\/#organization\"},\"potentialAction\":[{\"@type\":\"SearchAction\",\"target\":{\"@type\":\"EntryPoint\",\"urlTemplate\":\"https:\\\/\\\/hotel-pag.com\\\/?s={search_term_string}\"},\"query-input\":{\"@type\":\"PropertyValueSpecification\",\"valueRequired\":true,\"valueName\":\"search_term_string\"}}],\"inLanguage\":\"hr\"},{\"@type\":\"Organization\",\"@id\":\"https:\\\/\\\/hotel-pag.com\\\/#organization\",\"name\":\"Hotel Marta&Tona\",\"url\":\"https:\\\/\\\/hotel-pag.com\\\/\",\"logo\":{\"@type\":\"ImageObject\",\"inLanguage\":\"hr\",\"@id\":\"https:\\\/\\\/hotel-pag.com\\\/#\\\/schema\\\/logo\\\/image\\\/\",\"url\":\"https:\\\/\\\/hotel-pag.com\\\/wp-content\\\/uploads\\\/2022\\\/01\\\/mtlogo.png\",\"contentUrl\":\"https:\\\/\\\/hotel-pag.com\\\/wp-content\\\/uploads\\\/2022\\\/01\\\/mtlogo.png\",\"width\":400,\"height\":115,\"caption\":\"Hotel Marta&Tona\"},\"image\":{\"@id\":\"https:\\\/\\\/hotel-pag.com\\\/#\\\/schema\\\/logo\\\/image\\\/\"}},{\"@type\":\"Person\",\"@id\":\"https:\\\/\\\/hotel-pag.com\\\/#\\\/schema\\\/person\\\/ac911d803a0dff0ed5a026299ddcedb3\",\"name\":\"Alan\",\"image\":{\"@type\":\"ImageObject\",\"inLanguage\":\"hr\",\"@id\":\"https:\\\/\\\/secure.gravatar.com\\\/avatar\\\/7124c5548aae14cedbda1fdd026095edc22f0b61e6a144a18bf8e8784fc43bcd?s=96&d=mm&r=g\",\"url\":\"https:\\\/\\\/secure.gravatar.com\\\/avatar\\\/7124c5548aae14cedbda1fdd026095edc22f0b61e6a144a18bf8e8784fc43bcd?s=96&d=mm&r=g\",\"contentUrl\":\"https:\\\/\\\/secure.gravatar.com\\\/avatar\\\/7124c5548aae14cedbda1fdd026095edc22f0b61e6a144a18bf8e8784fc43bcd?s=96&d=mm&r=g\",\"caption\":\"Alan\"},\"sameAs\":[\"https:\\\/\\\/bookingmetrics.com\\\/demo\"],\"url\":\"https:\\\/\\\/hotel-pag.com\\\/hr\\\/author\\\/alan\\\/\"}]}<\/script>\n<!-- \/ Yoast SEO plugin. -->","yoast_head_json":{"title":"Doru\u010dak i ve\u010dera - Marta &amp; Tona Hotel Pag","robots":{"index":"index","follow":"follow","max-snippet":"max-snippet:-1","max-image-preview":"max-image-preview:large","max-video-preview":"max-video-preview:-1"},"canonical":"https:\/\/hotel-pag.com\/hr\/breakfast-and-dinner\/","og_locale":"hr_HR","og_type":"article","og_title":"Breakfast and dinner - Marta &amp; Tona Hotel Pag","og_description":"Buffet breakfast included in the price of the overnight stay with a wide selection of fresh and healthy products","og_url":"https:\/\/hotel-pag.com\/hr\/breakfast-and-dinner\/","og_site_name":"Marta &amp; Tona Hotel Pag","article_published_time":"2022-02-04T23:34:14+00:00","article_modified_time":"2022-02-04T23:42:30+00:00","og_image":[{"width":1024,"height":768,"url":"https:\/\/hotel-pag.com\/wp-content\/uploads\/2022\/02\/hotel-marta-tona.jpg","type":"image\/jpeg"}],"author":"Alan","twitter_card":"summary_large_image","twitter_misc":{"Napisao\/la":"Alan","Procijenjeno vrijeme \u010ditanja":"2 minute"},"schema":{"@context":"https:\/\/schema.org","@graph":[{"@type":"Article","@id":"https:\/\/hotel-pag.com\/hr\/breakfast-and-dinner\/#article","isPartOf":{"@id":"https:\/\/hotel-pag.com\/hr\/breakfast-and-dinner\/"},"author":{"name":"Alan","@id":"https:\/\/hotel-pag.com\/#\/schema\/person\/ac911d803a0dff0ed5a026299ddcedb3"},"headline":"Breakfast and dinner","datePublished":"2022-02-04T23:34:14+00:00","dateModified":"2022-02-04T23:42:30+00:00","mainEntityOfPage":{"@id":"https:\/\/hotel-pag.com\/hr\/breakfast-and-dinner\/"},"wordCount":264,"publisher":{"@id":"https:\/\/hotel-pag.com\/#organization"},"image":{"@id":"https:\/\/hotel-pag.com\/hr\/breakfast-and-dinner\/#primaryimage"},"thumbnailUrl":"https:\/\/hotel-pag.com\/wp-content\/uploads\/2022\/02\/hotel-marta-tona.jpg","articleSection":["Explore","Info"],"inLanguage":"hr"},{"@type":"WebPage","@id":"https:\/\/hotel-pag.com\/hr\/breakfast-and-dinner\/","url":"https:\/\/hotel-pag.com\/hr\/breakfast-and-dinner\/","name":"Doru\u010dak i ve\u010dera - Marta &amp; Tona Hotel Pag","isPartOf":{"@id":"https:\/\/hotel-pag.com\/#website"},"primaryImageOfPage":{"@id":"https:\/\/hotel-pag.com\/hr\/breakfast-and-dinner\/#primaryimage"},"image":{"@id":"https:\/\/hotel-pag.com\/hr\/breakfast-and-dinner\/#primaryimage"},"thumbnailUrl":"https:\/\/hotel-pag.com\/wp-content\/uploads\/2022\/02\/hotel-marta-tona.jpg","datePublished":"2022-02-04T23:34:14+00:00","dateModified":"2022-02-04T23:42:30+00:00","breadcrumb":{"@id":"https:\/\/hotel-pag.com\/hr\/breakfast-and-dinner\/#breadcrumb"},"inLanguage":"hr","potentialAction":[{"@type":"ReadAction","target":["https:\/\/hotel-pag.com\/hr\/breakfast-and-dinner\/"]}]},{"@type":"ImageObject","inLanguage":"hr","@id":"https:\/\/hotel-pag.com\/hr\/breakfast-and-dinner\/#primaryimage","url":"https:\/\/hotel-pag.com\/wp-content\/uploads\/2022\/02\/hotel-marta-tona.jpg","contentUrl":"https:\/\/hotel-pag.com\/wp-content\/uploads\/2022\/02\/hotel-marta-tona.jpg","width":1024,"height":768},{"@type":"BreadcrumbList","@id":"https:\/\/hotel-pag.com\/hr\/breakfast-and-dinner\/#breadcrumb","itemListElement":[{"@type":"ListItem","position":1,"name":"Home","item":"https:\/\/hotel-pag.com\/"},{"@type":"ListItem","position":2,"name":"Breakfast and dinner"}]},{"@type":"WebSite","@id":"https:\/\/hotel-pag.com\/#website","url":"https:\/\/hotel-pag.com\/","name":"Marta &amp; Tona Hotel Pag","description":"Najbolji hotel u Novalji","publisher":{"@id":"https:\/\/hotel-pag.com\/#organization"},"potentialAction":[{"@type":"SearchAction","target":{"@type":"EntryPoint","urlTemplate":"https:\/\/hotel-pag.com\/?s={search_term_string}"},"query-input":{"@type":"PropertyValueSpecification","valueRequired":true,"valueName":"search_term_string"}}],"inLanguage":"hr"},{"@type":"Organization","@id":"https:\/\/hotel-pag.com\/#organization","name":"Hotel Marta&amp;Tona","url":"https:\/\/hotel-pag.com\/","logo":{"@type":"ImageObject","inLanguage":"hr","@id":"https:\/\/hotel-pag.com\/#\/schema\/logo\/image\/","url":"https:\/\/hotel-pag.com\/wp-content\/uploads\/2022\/01\/mtlogo.png","contentUrl":"https:\/\/hotel-pag.com\/wp-content\/uploads\/2022\/01\/mtlogo.png","width":400,"height":115,"caption":"Hotel Marta&Tona"},"image":{"@id":"https:\/\/hotel-pag.com\/#\/schema\/logo\/image\/"}},{"@type":"Person","@id":"https:\/\/hotel-pag.com\/#\/schema\/person\/ac911d803a0dff0ed5a026299ddcedb3","name":"Alan","image":{"@type":"ImageObject","inLanguage":"hr","@id":"https:\/\/secure.gravatar.com\/avatar\/7124c5548aae14cedbda1fdd026095edc22f0b61e6a144a18bf8e8784fc43bcd?s=96&d=mm&r=g","url":"https:\/\/secure.gravatar.com\/avatar\/7124c5548aae14cedbda1fdd026095edc22f0b61e6a144a18bf8e8784fc43bcd?s=96&d=mm&r=g","contentUrl":"https:\/\/secure.gravatar.com\/avatar\/7124c5548aae14cedbda1fdd026095edc22f0b61e6a144a18bf8e8784fc43bcd?s=96&d=mm&r=g","caption":"Alan"},"sameAs":["https:\/\/bookingmetrics.com\/demo"],"url":"https:\/\/hotel-pag.com\/hr\/author\/alan\/"}]}},"_links":{"self":[{"href":"https:\/\/hotel-pag.com\/hr\/wp-json\/wp\/v2\/posts\/6704","targetHints":{"allow":["GET"]}}],"collection":[{"href":"https:\/\/hotel-pag.com\/hr\/wp-json\/wp\/v2\/posts"}],"about":[{"href":"https:\/\/hotel-pag.com\/hr\/wp-json\/wp\/v2\/types\/post"}],"author":[{"embeddable":true,"href":"https:\/\/hotel-pag.com\/hr\/wp-json\/wp\/v2\/users\/1"}],"replies":[{"embeddable":true,"href":"https:\/\/hotel-pag.com\/hr\/wp-json\/wp\/v2\/comments?post=6704"}],"version-history":[{"count":0,"href":"https:\/\/hotel-pag.com\/hr\/wp-json\/wp\/v2\/posts\/6704\/revisions"}],"wp:featuredmedia":[{"embeddable":true,"href":"https:\/\/hotel-pag.com\/hr\/wp-json\/wp\/v2\/media\/6739"}],"wp:attachment":[{"href":"https:\/\/hotel-pag.com\/hr\/wp-json\/wp\/v2\/media?parent=6704"}],"wp:term":[{"taxonomy":"category","embeddable":true,"href":"https:\/\/hotel-pag.com\/hr\/wp-json\/wp\/v2\/categories?post=6704"},{"taxonomy":"post_tag","embeddable":true,"href":"https:\/\/hotel-pag.com\/hr\/wp-json\/wp\/v2\/tags?post=6704"}],"curies":[{"name":"wp","href":"https:\/\/api.w.org\/{rel}","templated":true}]}}